{"id":1,"date":"2017-06-20T17:32:03","date_gmt":"2017-06-20T15:32:03","guid":{"rendered":"http:\/\/www.street-photography.berlin\/?p=1"},"modified":"2017-10-01T11:57:06","modified_gmt":"2017-10-01T09:57:06","slug":"classic-days-2017-streetphotos","status":"publish","type":"post","link":"https:\/\/street-photography.berlin\/en\/classic-days-2017-streetphotos\/","title":{"rendered":"Classic Days in Berlin 2017"},"content":{"rendered":"<p>[vc_row][vc_column][vc_column_text]<strong>17. und 18. Juni 2017<\/strong><\/p>\n<h2>Der Ku&#8217;damm als Showmeile der Automobilgeschichte<\/h2>\n<p>Nahezu 2000 Oldtimer befuhren w\u00e4hrend der Classic Days den Kurf\u00fcrstendamm und nicht nur die Oldtimer waren ein Augenschmaus, sondern auch einige der Besucher.<\/p>\n<p>Nat\u00fcrlich habe ich es mir als Street Photographer nicht entgehen lassen, mit meiner Kamera bewaffnet, die Showmeile ein paar mal auf und ab zu laufen. Hier ein paar Impressionen.[\/vc_column_text][\/vc_column][\/vc_row][vc_row][vc_column][vc_media_grid initial_loading_animation=&#8221;zoomIn&#8221; grid_id=&#8221;vc_gid:1499088287568-7a288488-4eeb-9&#8243; include=&#8221;300,299,298,297,273,271,270&#8243;][\/vc_column][\/vc_row]<\/p>","protected":false},"excerpt":{"rendered":"<p>Der Ku&#8217;damm als Showmeile der Automobilgeschichte. Nahezu 2000 Oldtimer befuhren w\u00e4hrend der Classic Days den Kurf\u00fcrstendamm und nicht nur die Oldtimer waren ein Augenschmaus, sondern auch einige der Besucher.<\/p>\n","protected":false},"author":1,"featured_media":270,"comment_status":"open","ping_status":"closed","sticky":false,"template":"","format":"standard","meta":{"_et_pb_use_builder":"on","_et_pb_old_content":"","_et_gb_content_width":"","footnotes":""},"categories":[4],"tags":[8,5,6,7],"class_list":["post-1","post","type-post","status-publish","format-standard","has-post-thumbnail","hentry","category-event-street-photography","tag-black-and-white-photography","tag-classic-days","tag-street-photography","tag-streetphotography"],"yoast_head":"<!-- This site is optimized with the Yoast SEO plugin v26.9 - https:\/\/yoast.com\/product\/yoast-seo-wordpress\/ -->\n<title>Classic Days in Berlin 2017 - Streetphotography Berlin<\/title>\n<meta name=\"description\" content=\"Allj\u00e4hrlich verwandelt sich der Ku&#039;damm w\u00e4hrend der Classic Days zur Showmeile der Automobilgeschichte. Als Street Photographer war ich nat\u00fcrlich vor Ort.\" \/>\n<meta name=\"robots\" content=\"index, follow, max-snippet:-1, max-image-preview:large, max-video-preview:-1\" \/>\n<link rel=\"canonical\" href=\"https:\/\/street-photography.berlin\/en\/classic-days-2017-streetphotos\/\" \/>\n<meta property=\"og:locale\" content=\"en_US\" \/>\n<meta property=\"og:type\" content=\"article\" \/>\n<meta property=\"og:title\" content=\"Classic Days in Berlin 2017 - Streetphotography Berlin\" \/>\n<meta property=\"og:description\" content=\"Allj\u00e4hrlich verwandelt sich der Ku&#039;damm w\u00e4hrend der Classic Days zur Showmeile der Automobilgeschichte. Als Street Photographer war ich nat\u00fcrlich vor Ort.\" \/>\n<meta property=\"og:url\" content=\"https:\/\/street-photography.berlin\/en\/classic-days-2017-streetphotos\/\" \/>\n<meta property=\"og:site_name\" content=\"Street Photography von La \u00dct\" \/>\n<meta property=\"article:published_time\" content=\"2017-06-20T15:32:03+00:00\" \/>\n<meta property=\"article:modified_time\" content=\"2017-10-01T09:57:06+00:00\" \/>\n<meta property=\"og:image\" content=\"https:\/\/street-photography.berlin\/wp-content\/uploads\/2017\/04\/DSC00316-CalssicDays-2-M\u00e4nner-mit-Hut-1500-e1506949562351.jpg\" \/>\n\t<meta property=\"og:image:width\" content=\"1200\" \/>\n\t<meta property=\"og:image:height\" content=\"800\" \/>\n\t<meta property=\"og:image:type\" content=\"image\/jpeg\" \/>\n<meta name=\"author\" content=\"La \u00dct\" \/>\n<meta name=\"twitter:card\" content=\"summary_large_image\" \/>\n<meta name=\"twitter:label1\" content=\"Written by\" \/>\n\t<meta name=\"twitter:data1\" content=\"La \u00dct\" \/>\n\t<meta name=\"twitter:label2\" content=\"Est. reading time\" \/>\n\t<meta name=\"twitter:data2\" content=\"1 minute\" \/>\n<script type=\"application\/ld+json\" class=\"yoast-schema-graph\">{\"@context\":\"https:\/\/schema.org\",\"@graph\":[{\"@type\":\"Article\",\"@id\":\"https:\/\/street-photography.berlin\/classic-days-2017-streetphotos\/#article\",\"isPartOf\":{\"@id\":\"https:\/\/street-photography.berlin\/classic-days-2017-streetphotos\/\"},\"author\":{\"name\":\"La \u00dct\",\"@id\":\"https:\/\/street-photography.berlin\/#\/schema\/person\/6f50248e0478be47e71b401efcebeff6\"},\"headline\":\"Classic Days in Berlin 2017\",\"datePublished\":\"2017-06-20T15:32:03+00:00\",\"dateModified\":\"2017-10-01T09:57:06+00:00\",\"mainEntityOfPage\":{\"@id\":\"https:\/\/street-photography.berlin\/classic-days-2017-streetphotos\/\"},\"wordCount\":251,\"commentCount\":0,\"image\":{\"@id\":\"https:\/\/street-photography.berlin\/classic-days-2017-streetphotos\/#primaryimage\"},\"thumbnailUrl\":\"https:\/\/street-photography.berlin\/wp-content\/uploads\/2017\/04\/DSC00316-CalssicDays-2-M\u00e4nner-mit-Hut-1500-e1506949562351.jpg\",\"keywords\":[\"black and white photography\",\"Classic Days\",\"Street Photography\",\"streetphotography\"],\"articleSection\":[\"Event Street Photography\"],\"inLanguage\":\"en-US\",\"potentialAction\":[{\"@type\":\"CommentAction\",\"name\":\"Comment\",\"target\":[\"https:\/\/street-photography.berlin\/classic-days-2017-streetphotos\/#respond\"]}]},{\"@type\":\"WebPage\",\"@id\":\"https:\/\/street-photography.berlin\/en\/classic-days-2017-streetphotos\/\",\"url\":\"https:\/\/street-photography.berlin\/en\/classic-days-2017-streetphotos\/\",\"name\":\"Classic Days in Berlin 2017 - Streetphotography Berlin\",\"isPartOf\":{\"@id\":\"https:\/\/street-photography.berlin\/en\/#website\"},\"primaryImageOfPage\":{\"@id\":\"https:\/\/street-photography.berlin\/en\/classic-days-2017-streetphotos\/#primaryimage\"},\"image\":{\"@id\":\"https:\/\/street-photography.berlin\/classic-days-2017-streetphotos\/#primaryimage\"},\"thumbnailUrl\":\"https:\/\/street-photography.berlin\/wp-content\/uploads\/2017\/04\/DSC00316-CalssicDays-2-M\u00e4nner-mit-Hut-1500-e1506949562351.jpg\",\"datePublished\":\"2017-06-20T15:32:03+00:00\",\"dateModified\":\"2017-10-01T09:57:06+00:00\",\"author\":{\"@id\":\"https:\/\/street-photography.berlin\/#\/schema\/person\/6f50248e0478be47e71b401efcebeff6\"},\"description\":\"Allj\u00e4hrlich verwandelt sich der Ku'damm w\u00e4hrend der Classic Days zur Showmeile der Automobilgeschichte. Als Street Photographer war ich nat\u00fcrlich vor Ort.\",\"breadcrumb\":{\"@id\":\"https:\/\/street-photography.berlin\/en\/classic-days-2017-streetphotos\/#breadcrumb\"},\"inLanguage\":\"en-US\",\"potentialAction\":[{\"@type\":\"ReadAction\",\"target\":[[\"https:\/\/street-photography.berlin\/en\/classic-days-2017-streetphotos\/\"]]}]},{\"@type\":\"ImageObject\",\"inLanguage\":\"en-US\",\"@id\":\"https:\/\/street-photography.berlin\/en\/classic-days-2017-streetphotos\/#primaryimage\",\"url\":\"https:\/\/street-photography.berlin\/wp-content\/uploads\/2017\/04\/DSC00316-CalssicDays-2-M\u00e4nner-mit-Hut-1500-e1506949562351.jpg\",\"contentUrl\":\"https:\/\/street-photography.berlin\/wp-content\/uploads\/2017\/04\/DSC00316-CalssicDays-2-M\u00e4nner-mit-Hut-1500-e1506949562351.jpg\",\"width\":1200,\"height\":800,\"caption\":\"Berlin Ku'damm\"},{\"@type\":\"BreadcrumbList\",\"@id\":\"https:\/\/street-photography.berlin\/en\/classic-days-2017-streetphotos\/#breadcrumb\",\"itemListElement\":[{\"@type\":\"ListItem\",\"position\":1,\"name\":\"Startseite\",\"item\":\"https:\/\/street-photography.berlin\/en\/\"},{\"@type\":\"ListItem\",\"position\":2,\"name\":\"Classic Days in Berlin 2017\"}]},{\"@type\":\"WebSite\",\"@id\":\"https:\/\/street-photography.berlin\/en\/#website\",\"url\":\"https:\/\/street-photography.berlin\/en\/\",\"name\":\"Street Photography von La \u00dct\",\"description\":\"Ute Herzog &quot;La \u00dct&quot; Foto K\u00fcnstlerin\",\"potentialAction\":[{\"@type\":\"SearchAction\",\"target\":{\"@type\":\"EntryPoint\",\"urlTemplate\":\"https:\/\/street-photography.berlin\/en\/?s={search_term_string}\"},\"query-input\":{\"@type\":\"PropertyValueSpecification\",\"valueRequired\":true,\"valueName\":\"search_term_string\"}}],\"inLanguage\":\"en-US\"},{\"@type\":\"Person\",\"@id\":\"https:\/\/street-photography.berlin\/#\/schema\/person\/6f50248e0478be47e71b401efcebeff6\",\"name\":\"La \u00dct\",\"image\":{\"@type\":\"ImageObject\",\"inLanguage\":\"en-US\",\"@id\":\"https:\/\/street-photography.berlin\/en\/#\/schema\/person\/image\/\",\"url\":\"https:\/\/secure.gravatar.com\/avatar\/69e1f7f32ecc8f72a298eddf2ec9bb5f3b669d6f2a85086d590ab6465916f608?s=96&d=mm&r=g\",\"contentUrl\":\"https:\/\/secure.gravatar.com\/avatar\/69e1f7f32ecc8f72a298eddf2ec9bb5f3b669d6f2a85086d590ab6465916f608?s=96&d=mm&r=g\",\"caption\":\"La \u00dct\"},\"sameAs\":[\"https:\/\/webdesignerin-berlin.com\"],\"url\":\"https:\/\/street-photography.berlin\/en\/author\/herzogplanzeit-media-de\/\"}]}<\/script>\n<!-- \/ Yoast SEO plugin. -->","yoast_head_json":{"title":"Classic Days in Berlin 2017 - Streetphotography Berlin","description":"Allj\u00e4hrlich verwandelt sich der Ku'damm w\u00e4hrend der Classic Days zur Showmeile der Automobilgeschichte. Als Street Photographer war ich nat\u00fcrlich vor Ort.","robots":{"index":"index","follow":"follow","max-snippet":"max-snippet:-1","max-image-preview":"max-image-preview:large","max-video-preview":"max-video-preview:-1"},"canonical":"https:\/\/street-photography.berlin\/en\/classic-days-2017-streetphotos\/","og_locale":"en_US","og_type":"article","og_title":"Classic Days in Berlin 2017 - Streetphotography Berlin","og_description":"Allj\u00e4hrlich verwandelt sich der Ku'damm w\u00e4hrend der Classic Days zur Showmeile der Automobilgeschichte. Als Street Photographer war ich nat\u00fcrlich vor Ort.","og_url":"https:\/\/street-photography.berlin\/en\/classic-days-2017-streetphotos\/","og_site_name":"Street Photography von La \u00dct","article_published_time":"2017-06-20T15:32:03+00:00","article_modified_time":"2017-10-01T09:57:06+00:00","og_image":[{"width":1200,"height":800,"url":"https:\/\/street-photography.berlin\/wp-content\/uploads\/2017\/04\/DSC00316-CalssicDays-2-M\u00e4nner-mit-Hut-1500-e1506949562351.jpg","type":"image\/jpeg"}],"author":"La \u00dct","twitter_card":"summary_large_image","twitter_misc":{"Written by":"La \u00dct","Est. reading time":"1 minute"},"schema":{"@context":"https:\/\/schema.org","@graph":[{"@type":"Article","@id":"https:\/\/street-photography.berlin\/classic-days-2017-streetphotos\/#article","isPartOf":{"@id":"https:\/\/street-photography.berlin\/classic-days-2017-streetphotos\/"},"author":{"name":"La \u00dct","@id":"https:\/\/street-photography.berlin\/#\/schema\/person\/6f50248e0478be47e71b401efcebeff6"},"headline":"Classic Days in Berlin 2017","datePublished":"2017-06-20T15:32:03+00:00","dateModified":"2017-10-01T09:57:06+00:00","mainEntityOfPage":{"@id":"https:\/\/street-photography.berlin\/classic-days-2017-streetphotos\/"},"wordCount":251,"commentCount":0,"image":{"@id":"https:\/\/street-photography.berlin\/classic-days-2017-streetphotos\/#primaryimage"},"thumbnailUrl":"https:\/\/street-photography.berlin\/wp-content\/uploads\/2017\/04\/DSC00316-CalssicDays-2-M\u00e4nner-mit-Hut-1500-e1506949562351.jpg","keywords":["black and white photography","Classic Days","Street Photography","streetphotography"],"articleSection":["Event Street Photography"],"inLanguage":"en-US","potentialAction":[{"@type":"CommentAction","name":"Comment","target":["https:\/\/street-photography.berlin\/classic-days-2017-streetphotos\/#respond"]}]},{"@type":"WebPage","@id":"https:\/\/street-photography.berlin\/en\/classic-days-2017-streetphotos\/","url":"https:\/\/street-photography.berlin\/en\/classic-days-2017-streetphotos\/","name":"Classic Days in Berlin 2017 - Streetphotography Berlin","isPartOf":{"@id":"https:\/\/street-photography.berlin\/en\/#website"},"primaryImageOfPage":{"@id":"https:\/\/street-photography.berlin\/en\/classic-days-2017-streetphotos\/#primaryimage"},"image":{"@id":"https:\/\/street-photography.berlin\/classic-days-2017-streetphotos\/#primaryimage"},"thumbnailUrl":"https:\/\/street-photography.berlin\/wp-content\/uploads\/2017\/04\/DSC00316-CalssicDays-2-M\u00e4nner-mit-Hut-1500-e1506949562351.jpg","datePublished":"2017-06-20T15:32:03+00:00","dateModified":"2017-10-01T09:57:06+00:00","author":{"@id":"https:\/\/street-photography.berlin\/#\/schema\/person\/6f50248e0478be47e71b401efcebeff6"},"description":"Allj\u00e4hrlich verwandelt sich der Ku'damm w\u00e4hrend der Classic Days zur Showmeile der Automobilgeschichte. Als Street Photographer war ich nat\u00fcrlich vor Ort.","breadcrumb":{"@id":"https:\/\/street-photography.berlin\/en\/classic-days-2017-streetphotos\/#breadcrumb"},"inLanguage":"en-US","potentialAction":[{"@type":"ReadAction","target":[["https:\/\/street-photography.berlin\/en\/classic-days-2017-streetphotos\/"]]}]},{"@type":"ImageObject","inLanguage":"en-US","@id":"https:\/\/street-photography.berlin\/en\/classic-days-2017-streetphotos\/#primaryimage","url":"https:\/\/street-photography.berlin\/wp-content\/uploads\/2017\/04\/DSC00316-CalssicDays-2-M\u00e4nner-mit-Hut-1500-e1506949562351.jpg","contentUrl":"https:\/\/street-photography.berlin\/wp-content\/uploads\/2017\/04\/DSC00316-CalssicDays-2-M\u00e4nner-mit-Hut-1500-e1506949562351.jpg","width":1200,"height":800,"caption":"Berlin Ku'damm"},{"@type":"BreadcrumbList","@id":"https:\/\/street-photography.berlin\/en\/classic-days-2017-streetphotos\/#breadcrumb","itemListElement":[{"@type":"ListItem","position":1,"name":"Startseite","item":"https:\/\/street-photography.berlin\/en\/"},{"@type":"ListItem","position":2,"name":"Classic Days in Berlin 2017"}]},{"@type":"WebSite","@id":"https:\/\/street-photography.berlin\/en\/#website","url":"https:\/\/street-photography.berlin\/en\/","name":"Street Photography von La \u00dct","description":"Ute Herzog &quot;La \u00dct&quot; Foto K\u00fcnstlerin","potentialAction":[{"@type":"SearchAction","target":{"@type":"EntryPoint","urlTemplate":"https:\/\/street-photography.berlin\/en\/?s={search_term_string}"},"query-input":{"@type":"PropertyValueSpecification","valueRequired":true,"valueName":"search_term_string"}}],"inLanguage":"en-US"},{"@type":"Person","@id":"https:\/\/street-photography.berlin\/#\/schema\/person\/6f50248e0478be47e71b401efcebeff6","name":"La \u00dct","image":{"@type":"ImageObject","inLanguage":"en-US","@id":"https:\/\/street-photography.berlin\/en\/#\/schema\/person\/image\/","url":"https:\/\/secure.gravatar.com\/avatar\/69e1f7f32ecc8f72a298eddf2ec9bb5f3b669d6f2a85086d590ab6465916f608?s=96&d=mm&r=g","contentUrl":"https:\/\/secure.gravatar.com\/avatar\/69e1f7f32ecc8f72a298eddf2ec9bb5f3b669d6f2a85086d590ab6465916f608?s=96&d=mm&r=g","caption":"La \u00dct"},"sameAs":["https:\/\/webdesignerin-berlin.com"],"url":"https:\/\/street-photography.berlin\/en\/author\/herzogplanzeit-media-de\/"}]}},"_links":{"self":[{"href":"https:\/\/street-photography.berlin\/en\/wp-json\/wp\/v2\/posts\/1","targetHints":{"allow":["GET"]}}],"collection":[{"href":"https:\/\/street-photography.berlin\/en\/wp-json\/wp\/v2\/posts"}],"about":[{"href":"https:\/\/street-photography.berlin\/en\/wp-json\/wp\/v2\/types\/post"}],"author":[{"embeddable":true,"href":"https:\/\/street-photography.berlin\/en\/wp-json\/wp\/v2\/users\/1"}],"replies":[{"embeddable":true,"href":"https:\/\/street-photography.berlin\/en\/wp-json\/wp\/v2\/comments?post=1"}],"version-history":[{"count":0,"href":"https:\/\/street-photography.berlin\/en\/wp-json\/wp\/v2\/posts\/1\/revisions"}],"wp:featuredmedia":[{"embeddable":true,"href":"https:\/\/street-photography.berlin\/en\/wp-json\/wp\/v2\/media\/270"}],"wp:attachment":[{"href":"https:\/\/street-photography.berlin\/en\/wp-json\/wp\/v2\/media?parent=1"}],"wp:term":[{"taxonomy":"category","embeddable":true,"href":"https:\/\/street-photography.berlin\/en\/wp-json\/wp\/v2\/categories?post=1"},{"taxonomy":"post_tag","embeddable":true,"href":"https:\/\/street-photography.berlin\/en\/wp-json\/wp\/v2\/tags?post=1"}],"curies":[{"name":"wp","href":"https:\/\/api.w.org\/{rel}","templated":true}]}}